{"id":427,"date":"2021-12-03T12:01:44","date_gmt":"2021-12-03T11:01:44","guid":{"rendered":"https:\/\/www.folies-royales.fr\/blog\/?p=427"},"modified":"2023-07-13T10:31:38","modified_gmt":"2023-07-13T08:31:38","slug":"changement-de-saison-quel-est-le-meilleur-soin-visage","status":"publish","type":"post","link":"https:\/\/www.folies-royales.fr\/blog\/2021\/12\/03\/changement-de-saison-quel-est-le-meilleur-soin-visage\/","title":{"rendered":"Changement de saison  : quel est le meilleur soin visage ?"},"content":{"rendered":"<div class=\"wp-block-image\">\n<figure class=\"aligncenter size-large\"><img decoding=\"async\" loading=\"lazy\" width=\"1024\" height=\"706\" src=\"https:\/\/www.folies-royales.fr\/blog\/wp-content\/uploads\/2021\/12\/shutterstock_1434604463-1024x706.jpg\" alt=\"\" class=\"wp-image-480\" srcset=\"https:\/\/www.folies-royales.fr\/blog\/wp-content\/uploads\/2021\/12\/shutterstock_1434604463-1024x706.jpg 1024w, https:\/\/www.folies-royales.fr\/blog\/wp-content\/uploads\/2021\/12\/shutterstock_1434604463-300x207.jpg 300w, https:\/\/www.folies-royales.fr\/blog\/wp-content\/uploads\/2021\/12\/shutterstock_1434604463-768x529.jpg 768w, https:\/\/www.folies-royales.fr\/blog\/wp-content\/uploads\/2021\/12\/shutterstock_1434604463-1536x1059.jpg 1536w, https:\/\/www.folies-royales.fr\/blog\/wp-content\/uploads\/2021\/12\/shutterstock_1434604463-2048x1411.jpg 2048w, https:\/\/www.folies-royales.fr\/blog\/wp-content\/uploads\/2021\/12\/shutterstock_1434604463-1200x827.jpg 1200w\" sizes=\"(max-width: 709px) 85vw, (max-width: 909px) 67vw, (max-width: 1362px) 62vw, 840px\" \/><\/figure><\/div>\n\n\n<p class=\"has-text-align-left\">Entre les matin\u00e9es froides et les apr\u00e8s-midis chauds, les variations de temp\u00e9ratures malm\u00e8nent votre peau durant l\u2019automne. Vous ne savez plus quel type de soin choisir pour b\u00e9n\u00e9ficier de suffisamment d\u2019hydratation, sans pour autant briller en fin de journ\u00e9e ? Alors optez pour une <strong>\u00e9mulsion de jour \u00e0 la texture l\u00e9g\u00e8re<\/strong>, qui vous permet de b\u00e9n\u00e9ficier d\u2019une protection et d\u2019une action \u00e9quilibrante en un seul produit. Voici vers quels soins vous tourner dans cet article.<\/p>\n\n\n\n<h2 class=\"wp-block-heading has-text-align-center\">Pourquoi l\u2019intersaison fragilise pour votre peau ?<\/h2>\n\n\n\n<p>Passant de temp\u00e9ratures fr\u00f4lant les 10 \u00b0C, en d\u00e9but de journ\u00e9e, \u00e0 24 \u00b0C, l\u2019\u00e9piderme doit r\u00e9pondre \u00e0 deux types d\u2019agressions ext\u00e9rieures tout \u00e0 fait oppos\u00e9s. Au lever, le visage a besoin d\u2019\u00eatre apaiser des<strong> tiraillements<\/strong> et les <strong>rougeurs<\/strong> diffuses, tandis que l\u2019apr\u00e8s-midi, le changement de temps laissant place aux rayons du soleil (ceux qui se faufilent au travers des vitres de voitures et de bureaux) sont beaucoup moins bien tol\u00e9r\u00e9s qu\u2019en \u00e9t\u00e9.<\/p>\n\n\n\n<p>Cela est tout \u00e0 fait normal&nbsp;! En effet, la peau, surtout de votre visage, a besoin d\u2019un environnement climatique stable ou de changement progressif. Lorsque la variation est trop brutale, l\u2019\u00e9piderme n\u2019a pas le temps de mettre en place les m\u00e9canismes de d\u00e9fense contre le froid ou la chaleur. Par cons\u00e9quent, la peau est beaucoup plus fragile et n\u00e9cessite un soin adapt\u00e9 \u00e0 cette p\u00e9riode de l\u2019ann\u00e9e.<\/p>\n\n\n\n<p>Ce qu\u2019il faut, c\u2019est donc apporter assez d\u2019hydratation pour prot\u00e9ger votre peau contre le froid, le vent, la pollution et les UV, tout en gardant une texture assez l\u00e9g\u00e8re pour supporter le soin tout au long de la journ\u00e9e et notamment \u00e9viter une <strong>surproduction de s\u00e9bum<\/strong>.<\/p>\n\n\n\n<p>La formule de la <a href=\"https:\/\/www.folies-royales.fr\/boutique\/166-creme-de-jour-au-miel-a-la-gelee-royale-et-a-la-cire-d-abeille-50-ml-3760242290023.html\" target=\"_blank\" rel=\"noreferrer noopener\">cr\u00e8me de jour Fondant Royal<\/a> est con\u00e7ue pour vous aider \u00e0 contrer les m\u00e9faits des variations climatiques de l\u2019automne sans m\u00eame que vous ayez \u00e0 vous en soucier, gr\u00e2ce \u00e0 ses <strong>ingr\u00e9dients nourrissants et non gras.<\/strong><\/p>\n\n\n\n<h2 class=\"wp-block-heading has-text-align-center\"><em><strong>La Cr\u00e8me de Jour Fondant Royal : le meilleur soin visage pour le changement de saison<\/strong><\/em><\/h2>\n\n\n<div class=\"wp-block-image\">\n<figure class=\"alignleft size-medium is-resized\"><img decoding=\"async\" loading=\"lazy\" src=\"https:\/\/www.folies-royales.fr\/blog\/wp-content\/uploads\/2021\/11\/14001-photo-produi-213x300.jpg\" alt=\"\" class=\"wp-image-435\" width=\"139\" height=\"195\" srcset=\"https:\/\/www.folies-royales.fr\/blog\/wp-content\/uploads\/2021\/11\/14001-photo-produi-213x300.jpg 213w, https:\/\/www.folies-royales.fr\/blog\/wp-content\/uploads\/2021\/11\/14001-photo-produi-728x1024.jpg 728w, https:\/\/www.folies-royales.fr\/blog\/wp-content\/uploads\/2021\/11\/14001-photo-produi-768x1081.jpg 768w, https:\/\/www.folies-royales.fr\/blog\/wp-content\/uploads\/2021\/11\/14001-photo-produi.jpg 926w\" sizes=\"(max-width: 139px) 85vw, 139px\" \/><figcaption class=\"wp-element-caption\">Fondant Royal Soin de Jour<\/figcaption><\/figure><\/div>\n\n\n<p class=\"has-text-align-left\">Pour obtenir le combo parfait entre une <strong>hydratation riche <\/strong>et<strong> une texture l\u00e9g\u00e8re<\/strong>, un soin doit contenir des \u00e9l\u00e9ments nutritifs, sans toutefois faire briller la surface de la peau en milieu de journ\u00e9e. C\u2019est pour cela que<a href=\"https:\/\/www.folies-royales.fr\/boutique\/166-creme-de-jour-au-miel-a-la-gelee-royale-et-a-la-cire-d-abeille-50-ml-3760242290023.html\" target=\"_blank\" rel=\"noreferrer noopener\"> l\u2019\u00e9mulsion de jour Fondant Royal<\/a> au miel, \u00e0 la gel\u00e9e royale et \u00e0 la cire d\u2019abeille de nos ruches, r\u00e9pond parfaitement \u00e0 cette probl\u00e9matique, m\u00eame pour les peaux sensibles<\/p>\n\n\n\n<p><\/p>\n\n\n\n<p><\/p>\n\n\n\n<p>Plus pr\u00e9cis\u00e9ment, c\u2019est parce qu\u2019elle contient de <a href=\"https:\/\/www.folies-royales.fr\/3-boutique?selected_filters=actifs-cire_d_abeille\" target=\"_blank\" rel=\"noreferrer noopener\">la cire d\u2019abeille<\/a> (\u00e0 la texture filmog\u00e8ne) qu\u2019elle constitue une v\u00e9ritable barri\u00e8re protectrice. La <a href=\"https:\/\/www.folies-royales.fr\/boutique\/166-creme-de-jour-au-miel-a-la-gelee-royale-et-a-la-cire-d-abeille-50-ml-3760242290023.html\">cr\u00e8me de jour Fondant Royal<\/a> d\u00e9fend votre peau contre les agressions du froid et du soleil et permet aux autres ingr\u00e9dients d\u2019agir efficacement. Alli\u00e9e au<strong> miel<\/strong>, connus pour ses <strong>propri\u00e9t\u00e9s nutritives et cicatrisantes<\/strong> depuis des mill\u00e9naires, ces deux actifs suffissent \u00e0 faire de cette <strong>\u00e9mulsion de jour<\/strong>, un soin id\u00e9al durant le changement de saison.<\/p>\n\n\n<div class=\"wp-block-image\">\n<figure class=\"alignright size-large is-resized\"><img decoding=\"async\" loading=\"lazy\" src=\"https:\/\/www.folies-royales.fr\/blog\/wp-content\/uploads\/2021\/12\/shutterstock_1167230344-1024x683.jpg\" alt=\"\" class=\"wp-image-482\" width=\"256\" height=\"171\" srcset=\"https:\/\/www.folies-royales.fr\/blog\/wp-content\/uploads\/2021\/12\/shutterstock_1167230344-1024x683.jpg 1024w, https:\/\/www.folies-royales.fr\/blog\/wp-content\/uploads\/2021\/12\/shutterstock_1167230344-300x200.jpg 300w, https:\/\/www.folies-royales.fr\/blog\/wp-content\/uploads\/2021\/12\/shutterstock_1167230344-768x512.jpg 768w, https:\/\/www.folies-royales.fr\/blog\/wp-content\/uploads\/2021\/12\/shutterstock_1167230344-1536x1024.jpg 1536w, https:\/\/www.folies-royales.fr\/blog\/wp-content\/uploads\/2021\/12\/shutterstock_1167230344-2048x1365.jpg 2048w, https:\/\/www.folies-royales.fr\/blog\/wp-content\/uploads\/2021\/12\/shutterstock_1167230344-1200x800.jpg 1200w\" sizes=\"(max-width: 256px) 85vw, 256px\" \/><\/figure><\/div>\n\n\n<p>Pour une action plus int\u00e9ressante encore, la formule est enrichie en<a href=\"https:\/\/www.folies-royales.fr\/3-boutique?selected_filters=actifs-gelee_royale\"> gel\u00e9e royale<\/a>&nbsp;: un v\u00e9ritable tr\u00e9sor pour la cosm\u00e9tique, gorg\u00e9e d\u2019\u00e9l\u00e9ments qui restaurent la surface de l\u2019\u00e9piderme. En effet, sa teneur en <strong>vitamine A, C et D<\/strong>, favorise l\u2019<strong>action anti-oxydante et anti-t\u00e2ches<\/strong>, tout en participant au <strong>renouvellement cellulaire<\/strong> gr\u00e2ce \u00e0 la pr\u00e9sence d\u2019<strong>acides amin\u00e9s<\/strong>.<\/p>\n\n\n\n<p>S\u2019il est prouv\u00e9 que la <strong>gel\u00e9e royale<\/strong>, en cure alimentaire, aide l\u2019organisme \u00e0 se r\u00e9g\u00e9n\u00e9rer et \u00e0 augmenter les capacit\u00e9s des d\u00e9fenses immunitaires, cela vaut \u00e9galement pour la peau.&nbsp;<\/p>\n\n\n\n<h2 class=\"wp-block-heading has-text-align-center has-large-font-size\"><strong><em>Les r\u00e9sultats<\/em><\/strong><\/h2>\n\n\n\n<p>D\u00e8s la premi\u00e8re application, <a href=\"https:\/\/www.folies-royales.fr\/boutique\/166-creme-de-jour-au-miel-a-la-gelee-royale-et-a-la-cire-d-abeille-50-ml-3760242290023.html\">la cr\u00e8me de jour Fondant Royal<\/a> est un geste apaisant qui soulage la peau des <strong>tiraillements<\/strong>, comble les ridules et unifie le teint en \u00e9limant les <strong>rougeurs<\/strong>. Sa <strong>texture l\u00e9g\u00e8re et non grasse<\/strong>, p\u00e9n\u00e8tre facilement et fond \u00e0 la surface la peau, sans provoquer de zones de brillance. Elle est parfaitement bien tol\u00e9r\u00e9e tout au long de la journ\u00e9e et rend l\u2019\u00e9piderme plus r\u00e9sistant face aux alternances de chaud-froid.<\/p>\n\n\n\n<p>Le petit plus&#8230; Si vous souhaitez \u00e9galement b\u00e9n\u00e9ficier d\u2019une action anti-\u00e2ge et anti-oxydante puissante et visible sur la dur\u00e9e, cette \u00e9mulsion peut s\u2019accompagner du <a href=\"https:\/\/www.folies-royales.fr\/boutique\/165-serum-visage-a-la-gelee-royale-et-a-l-extrait-de-propolis-30-ml-3760242290030.html\">S\u00e9rum \u00e0 la Gel\u00e9e royale et \u00e0 l\u2019extrait de Propolis !<\/a> La combinaison des deux produits est parfaite pour obtenir un r\u00e9sultat optimal sur l\u2019\u00e9clat du teint.<\/p>\n\n\n<div class=\"wp-block-image\">\n<figure class=\"alignright size-medium\"><img decoding=\"async\" loading=\"lazy\" width=\"300\" height=\"300\" src=\"https:\/\/www.folies-royales.fr\/blog\/wp-content\/uploads\/2021\/11\/SERUM-VISAGE-PROPO-GELEE-R_02-300x300.jpg\" alt=\"\" class=\"wp-image-432\" srcset=\"https:\/\/www.folies-royales.fr\/blog\/wp-content\/uploads\/2021\/11\/SERUM-VISAGE-PROPO-GELEE-R_02-300x300.jpg 300w, https:\/\/www.folies-royales.fr\/blog\/wp-content\/uploads\/2021\/11\/SERUM-VISAGE-PROPO-GELEE-R_02-150x150.jpg 150w, https:\/\/www.folies-royales.fr\/blog\/wp-content\/uploads\/2021\/11\/SERUM-VISAGE-PROPO-GELEE-R_02-768x768.jpg 768w, https:\/\/www.folies-royales.fr\/blog\/wp-content\/uploads\/2021\/11\/SERUM-VISAGE-PROPO-GELEE-R_02.jpg 900w\" sizes=\"(max-width: 300px) 85vw, 300px\" \/><figcaption class=\"wp-element-caption\">S\u00e9rum Royal<\/figcaption><\/figure><\/div>\n\n\n<p>Un s\u00e9rum est g\u00e9n\u00e9ralement formul\u00e9 pour pr\u00e9parer la peau \u00e0 recevoir un soin hydratant et lui permettre de p\u00e9n\u00e9trer en profondeur dans les couches de l\u2019\u00e9piderme. <strong>Folies Royales<\/strong> a ainsi enrichi le <a href=\"https:\/\/www.folies-royales.fr\/boutique\/165-serum-visage-a-la-gelee-royale-et-a-l-extrait-de-propolis-30-ml-3760242290030.html\">S\u00e9rum \u00e0 la Gel\u00e9e Royale<\/a> avec des <strong>extraits de propolis<\/strong>, ce qui renforce et compl\u00e8te l\u2019action de <strong>renouvellement cellulaire<\/strong> de la gel\u00e9e royale. L\u2019association de ces deux soins visage donne ainsi l\u2019effet d\u2019une v\u00e9ritable r\u00e9novation du teint. Id\u00e9al avant l\u2019arriv\u00e9e de l\u2019hiver !<\/p>\n\n\n\n<p>En int\u00e9grant l\u2019hydratation <a href=\"https:\/\/www.folies-royales.fr\/168-best-sellers\">des soins Folies Royales<\/a> \u00e0 base des produits des abeilles dans votre <strong>routine matinale<\/strong>, (miel, gel\u00e9e royale, cire d\u2019abeille, propolis\u2026), vous constaterez au bout de seulement quelques semaines, que votre peau est beaucoup plus ferme et r\u00e9sistante aux agressions climatiques. Les <strong>imperfections<\/strong> \u00e9parses ne feront plus du tout partie de votre quotidien.<\/p>\n\n\n\n<p>Alors fini les ailes du nez rouges, les <strong>contours des yeux d\u00e9shydrat\u00e9s<\/strong> ou les \u00e9ruptions de petits boutons ! Apais\u00e9e, votre peau cicatrisera plus rapidement et deviendra plus lisse et plus \u00e9clatante naturellement. Enfin, gr\u00e2ce \u00e0 son action \u00e9quilibrante, que vous ayez des probl\u00e8mes d\u2019<strong>acn\u00e9<\/strong>, de <strong>s\u00e8cheresse<\/strong>, d\u2019<strong>ecz\u00e9ma<\/strong> ou de <strong>rides pr\u00e9matur\u00e9es<\/strong> par exemple, vous pouvez utiliser <a href=\"https:\/\/www.folies-royales.fr\/boutique\/166-creme-de-jour-au-miel-a-la-gelee-royale-et-a-la-cire-d-abeille-50-ml-3760242290023.html\">l\u2019\u00e9mulsion de jour Fondant Royal<\/a> car elle est faite pour tous les types de peaux.<\/p>\n\n\n\n<h2 class=\"wp-block-heading has-text-align-center has-large-font-size\"><strong><em>Le naturel et l\u2019efficacit\u00e9<\/em><\/strong><\/h2>\n\n\n<div class=\"wp-block-image\">\n<figure class=\"alignleft size-full is-resized\"><img decoding=\"async\" loading=\"lazy\" src=\"https:\/\/www.folies-royales.fr\/blog\/wp-content\/uploads\/2021\/11\/logo-site-FR.png\" alt=\"\" class=\"wp-image-433\" width=\"162\" height=\"181\"\/><figcaption class=\"wp-element-caption\">LABEL COSMOS ORGANIC<\/figcaption><\/figure><\/div>\n\n\n<p>La gamme de produits certifi\u00e9s bio Folie Royales est con\u00e7ue dans le respect de l\u2019environnement. Son secret vient directement de l\u2019utilisation d\u2019<strong>ingr\u00e9dients d\u2019origine naturelle<\/strong> reconnus pour leurs b\u00e9n\u00e9fices sur la sant\u00e9. Privil\u00e9giant la qualit\u00e9 \u00e0 la quantit\u00e9,<strong> Folies Royales <\/strong>propose des soins sans composants chimiques ou allerg\u00e8nes, pour que votre peau ne subisse aucun effet sensibilisant sur le long terme. Votre teint deviendra ainsi nettement plus clair et plus lumineux de l\u2019int\u00e9rieur jour apr\u00e8s jour, et de fa\u00e7on saine.<\/p>\n\n\n\n<p><\/p>\n\n\n\n<h2 class=\"wp-block-heading has-text-align-center\">Vers une d\u00e9marche \u00e9thique et engag\u00e9e<\/h2>\n\n\n\n<p><strong>La question de la sant\u00e9 et de l\u2019environnement<\/strong> est plus que jamais \u00e0 l\u2019ordre du jour. Massivement utilis\u00e9s dans la production industrielle, les pesticides et les ingr\u00e9dients chimiques sont \u00e0 l\u2019origine de nombreux probl\u00e8mes constat\u00e9s sur la peau et la nature. Malheureusement, les abeilles y sont particuli\u00e8rement expos\u00e9es. En effet, elles se nourrissent du pollen contenant des r\u00e9sidus toxiques et ceux-ci se retrouvent par la suite dans le miel.<\/p>\n\n\n\n<p>Voici pourquoi <strong>Folies Royales<\/strong> n\u2019est pas qu\u2019une marque de cosm\u00e9tique avec pour seul objectif la consommation, elle s\u2019inscrit dans une d\u00e9marche de protection des abeilles et de leur d\u00e9veloppement, initi\u00e9 par le r\u00e9seau \u201c<a href=\"https:\/\/www.untoitpourlesabeilles.fr\/?gclid=CjwKCAjwq9mLBhB2EiwAuYdMtZjzldqndlwmGn7AAc0E0zTxxrs2veWd1ooVtojYhXPuY8LDjPNBwxoCE_8QAvD_BwE\" target=\"_blank\" rel=\"noreferrer noopener\">Un Toit pour les Abeilles<\/a>\u201d, qui lutte pour leur sauvegarde.&nbsp;<\/p>\n\n\n\n<h2 class=\"wp-block-heading has-text-align-center has-large-font-size\"><strong><em>Une production bio et naturelle<\/em><\/strong><\/h2>\n\n\n\n<p>En effet, la marque s\u2019engage \u00e0 la fois sur le terrain du respect de l\u2019environnement et sur celui de la <strong>fabrication artisanale fran\u00e7aise certifi\u00e9 bio<\/strong>, pour offrir des produits sains dont la consommation participe \u00e0 la pr\u00e9servation de l\u2019\u00e9cosyst\u00e8me des abeilles.<\/p>\n\n\n<div class=\"wp-block-image\">\n<figure class=\"aligncenter size-full\"><img decoding=\"async\" loading=\"lazy\" width=\"851\" height=\"479\" src=\"https:\/\/www.folies-royales.fr\/blog\/wp-content\/uploads\/2021\/12\/Image1.jpg\" alt=\"\" class=\"wp-image-483\" srcset=\"https:\/\/www.folies-royales.fr\/blog\/wp-content\/uploads\/2021\/12\/Image1.jpg 851w, https:\/\/www.folies-royales.fr\/blog\/wp-content\/uploads\/2021\/12\/Image1-300x169.jpg 300w, https:\/\/www.folies-royales.fr\/blog\/wp-content\/uploads\/2021\/12\/Image1-768x432.jpg 768w\" sizes=\"(max-width: 709px) 85vw, (max-width: 909px) 67vw, (max-width: 1362px) 62vw, 840px\" \/><\/figure><\/div>\n\n\n<p>Utilisant principalement les composants issus de la ruche (<strong>propolis, miel, cire d\u2019abeilles<\/strong>, etc.), <strong>Folies Royales <\/strong>\u00e9labore une gamme de soins visages et <a href=\"https:\/\/www.folies-royales.fr\/3-boutique?selected_filters=categories-soins_du_corps\">corps<\/a>, qui ont un r\u00e9sultat imm\u00e9diat visible ind\u00e9niable, notamment gr\u00e2ce \u00e0 la puret\u00e9 de leurs formules. L\u2019ensemble des produits est constitu\u00e9 de 97% \u00e0 100% d\u2019ingr\u00e9dients d\u2019origine naturelle, alliant efficacit\u00e9 et respect de la sant\u00e9 et de l\u2019environnement.<\/p>\n\n\n<div class=\"wp-block-image\">\n<figure class=\"alignleft size-full is-resized\"><img decoding=\"async\" loading=\"lazy\" src=\"https:\/\/www.folies-royales.fr\/blog\/wp-content\/uploads\/2021\/12\/logo_2021.png\" alt=\"\" class=\"wp-image-484\" width=\"233\" height=\"152\"\/><\/figure><\/div>\n\n\n<p>N\u00e9e d\u2019une d\u00e9marche \u00e9thique, gr\u00e2ce au r\u00e9seau \u201c<a href=\"https:\/\/www.untoitpourlesabeilles.fr\/?gclid=CjwKCAjwq9mLBhB2EiwAuYdMtZjzldqndlwmGn7AAc0E0zTxxrs2veWd1ooVtojYhXPuY8LDjPNBwxoCE_8QAvD_BwE\">Un Toit pour les Abeilles<\/a>\u201d qui souhaitait cr\u00e9er ses propres cosm\u00e9tiques \u00e0 base des produits de la ruche, <strong>Folies Royales<\/strong> permet \u00e9galement \u00e0 chaque consommateur de participer \u00e0 la pr\u00e9servation des abeilles en les introduisant dans un milieu de biodiversit\u00e9.&nbsp;<\/p>\n\n\n\n<p>Chaque produit achet\u00e9 permet \u00e0 Folies Royales de parrainer 5 abeilles et de les installer dans une ruche qui n\u2019est pas destin\u00e9e \u00e0 la fabrication du miel et o\u00f9 elles peuvent se d\u00e9velopper dans un milieu naturel. L\u2019achat d\u2019un soin permet \u00e9galement d\u2019exploiter 1 m2 de culture de fleurs riches en pollen et en nectar, sans traitements chimiques.<\/p>\n\n\n\n<p>Enfin, toujours dans une question de respect et d\u2019\u00e9thique, depuis la production des soins jusqu\u2019\u00e0 la conception des emballages, <strong>Folies Royales<\/strong> choisi de travailler avec des producteurs et des fabricants fran\u00e7ais, afin de faire vivre et de participer \u00e0 l\u2019activit\u00e9 de l\u2019\u00e9conomique locale.<\/p>\n\n\n<div class=\"wp-block-image\">\n<figure class=\"alignright size-full is-resized\"><img decoding=\"async\" loading=\"lazy\" src=\"https:\/\/www.folies-royales.fr\/blog\/wp-content\/uploads\/2021\/11\/carte-100-francais.png\" alt=\"\" class=\"wp-image-434\" width=\"90\" height=\"91\"\/><figcaption class=\"wp-element-caption\">100% made in France<\/figcaption><\/figure><\/div>\n\n\n<p>Gr\u00e2ce \u00e0 cette initiative du r\u00e9seau \u201c<a href=\"https:\/\/www.untoitpourlesabeilles.fr\/?gclid=CjwKCAjwq9mLBhB2EiwAuYdMtZjzldqndlwmGn7AAc0E0zTxxrs2veWd1ooVtojYhXPuY8LDjPNBwxoCE_8QAvD_BwE\">Un Toit pour les Abeilles<\/a>\u201d, qui rassemble un grand nombre d\u2019apiculteurs sur tout le territoire fran\u00e7ais,<strong> Folies Royales<\/strong> fait na\u00eetre le cercle vertueux d\u2019une consommation \u00e9coresponsable, qui respecte l\u2019\u00e9quilibre de la faune et la flore, mais aussi de la sant\u00e9.<\/p>\n\n\n\n<h2 class=\"wp-block-heading has-text-align-center has-large-font-size\"><strong><em>Beaut\u00e9 et naturalit\u00e9<\/em><\/strong><\/h2>\n\n\n\n<p>Vous l\u2019avez bien compris, le concept de Folies Royales est fond\u00e9 sur l\u2019id\u00e9e que la v\u00e9ritable beaut\u00e9 est alli\u00e9e \u00e0 la naturalit\u00e9. L\u2019offre d\u2019une gamme de produits formul\u00e9s \u00e0 partir de compositions simples et d\u2019ingr\u00e9dients principalement issus de la ruche et de la nature en g\u00e9n\u00e9ral (eaux florales, huiles v\u00e9g\u00e9tales etc.) y r\u00e9pond en ce sens. De la s\u00e8cheresse cutan\u00e9e \u00e0 la s\u00e9borrh\u00e9e, en passant par la perte de fermet\u00e9, tous les types de peaux peuvent trouver leur solution gr\u00e2ce \u00e0 ces soins \u00e9quilibrants.<\/p>\n\n\n\n<p>Particuli\u00e8rement \u00e0 cette p\u00e9riode de l\u2019ann\u00e9e o\u00f9 les variations climatiques malm\u00e8nent votre peau, il est peut-\u00eatre temps de vous accorder une cure de jouvence qui sera aussi b\u00e9n\u00e9fique pour votre tient que pour l\u2019environnement&nbsp;!<\/p>\n\n\n\n<div class=\"wp-block-buttons is-horizontal is-content-justification-center is-layout-flex wp-container-1\">\n<div class=\"wp-block-button has-custom-font-size has-medium-font-size\" id=\"bloghttps:\/\/www.folies-royales.fr\/3-boutique?selected_filters=actifs-cire_d_abeille-\/categories-soins_du_visage\"><a class=\"wp-block-button__link has-white-color has-text-color has-background wp-element-button\" href=\"https:\/\/www.folies-royales.fr\/boutique\/166-creme-de-jour-au-miel-a-la-gelee-royale-et-a-la-cire-d-abeille-50-ml-3760242290023.html\" style=\"background-color:#a37800\" target=\"_blank\" rel=\"noreferrer noopener\">D\u00e9couvrez nos soins de jour<\/a><\/div>\n<\/div>\n","protected":false},"excerpt":{"rendered":"<p>Entre les matin\u00e9es froides et les apr\u00e8s-midis chauds, les variations de temp\u00e9ratures malm\u00e8nent votre peau durant l\u2019automne. Vous ne savez plus quel type de soin choisir pour b\u00e9n\u00e9ficier de suffisamment d\u2019hydratation, sans pour autant briller en fin de journ\u00e9e ? Alors optez pour une \u00e9mulsion de jour \u00e0 la texture l\u00e9g\u00e8re, qui vous permet de &hellip; <a href=\"https:\/\/www.folies-royales.fr\/blog\/2021\/12\/03\/changement-de-saison-quel-est-le-meilleur-soin-visage\/\" class=\"more-link\">Continuer la lecture<span class=\"screen-reader-text\"> de &laquo;&nbsp;Changement de saison  : quel est le meilleur soin visage ?&nbsp;&raquo;<\/span><\/a><\/p>\n","protected":false},"author":1,"featured_media":945,"comment_status":"closed","ping_status":"closed","sticky":false,"template":"","format":"standard","meta":[],"categories":[93],"tags":[32,16,20,84,39,92,67,57],"_links":{"self":[{"href":"https:\/\/www.folies-royales.fr\/blog\/wp-json\/wp\/v2\/posts\/427"}],"collection":[{"href":"https:\/\/www.folies-royales.fr\/blog\/wp-json\/wp\/v2\/posts"}],"about":[{"href":"https:\/\/www.folies-royales.fr\/blog\/wp-json\/wp\/v2\/types\/post"}],"author":[{"embeddable":true,"href":"https:\/\/www.folies-royales.fr\/blog\/wp-json\/wp\/v2\/users\/1"}],"replies":[{"embeddable":true,"href":"https:\/\/www.folies-royales.fr\/blog\/wp-json\/wp\/v2\/comments?post=427"}],"version-history":[{"count":33,"href":"https:\/\/www.folies-royales.fr\/blog\/wp-json\/wp\/v2\/posts\/427\/revisions"}],"predecessor-version":[{"id":946,"href":"https:\/\/www.folies-royales.fr\/blog\/wp-json\/wp\/v2\/posts\/427\/revisions\/946"}],"wp:featuredmedia":[{"embeddable":true,"href":"https:\/\/www.folies-royales.fr\/blog\/wp-json\/wp\/v2\/media\/945"}],"wp:attachment":[{"href":"https:\/\/www.folies-royales.fr\/blog\/wp-json\/wp\/v2\/media?parent=427"}],"wp:term":[{"taxonomy":"category","embeddable":true,"href":"https:\/\/www.folies-royales.fr\/blog\/wp-json\/wp\/v2\/categories?post=427"},{"taxonomy":"post_tag","embeddable":true,"href":"https:\/\/www.folies-royales.fr\/blog\/wp-json\/wp\/v2\/tags?post=427"}],"curies":[{"name":"wp","href":"https:\/\/api.w.org\/{rel}","templated":true}]}}