{"id":157,"date":"2020-04-09T11:33:46","date_gmt":"2020-04-09T09:33:46","guid":{"rendered":"https:\/\/www.folies-royales.fr\/blog\/?p=157"},"modified":"2023-07-13T10:54:43","modified_gmt":"2023-07-13T08:54:43","slug":"covid-19-vers-des-modes-de-consommation-plus-responsables","status":"publish","type":"post","link":"https:\/\/www.folies-royales.fr\/blog\/2020\/04\/09\/covid-19-vers-des-modes-de-consommation-plus-responsables\/","title":{"rendered":"COVID-19 : Vers des modes de consommation plus responsables."},"content":{"rendered":"\n<p class=\"has-text-align-left\">Cela n\u2019aura \u00e9chapp\u00e9 \u00e0 personne, nous vivons une p\u00e9riode exceptionnellement difficile \u00e0 l\u2019\u00e9chelle mondiale. L\u2019\u00e9pid\u00e9mie de COVID-19 qui frappe l\u2019humanit\u00e9 depuis d\u00e9j\u00e0 quelques mois est un \u00e9v\u00e9nement sans pr\u00e9c\u00e9dent qui \u00e9branle la moiti\u00e9 de la population plan\u00e9taire. La n\u00e9cessit\u00e9 d&rsquo;un retour \u00e0 des modes de consommation plus responsables semble plus que jamais pr\u00e9sente.<\/p>\n\n\n<div class=\"wp-block-image\">\n<figure class=\"aligncenter\"><img decoding=\"async\" loading=\"lazy\" width=\"877\" height=\"432\" src=\"https:\/\/www.folies-royales.fr\/blog\/wp-content\/uploads\/2020\/04\/Annotation-2020-04-08-101409.jpg\" alt=\"famille heureuse se promenant dans les bois\" class=\"wp-image-205\" srcset=\"https:\/\/www.folies-royales.fr\/blog\/wp-content\/uploads\/2020\/04\/Annotation-2020-04-08-101409.jpg 877w, https:\/\/www.folies-royales.fr\/blog\/wp-content\/uploads\/2020\/04\/Annotation-2020-04-08-101409-300x148.jpg 300w, https:\/\/www.folies-royales.fr\/blog\/wp-content\/uploads\/2020\/04\/Annotation-2020-04-08-101409-768x378.jpg 768w\" sizes=\"(max-width: 709px) 85vw, (max-width: 909px) 67vw, (max-width: 1362px) 62vw, 840px\" \/><\/figure><\/div>\n\n\n<p>Si les pertes sont nombreuses et d\u00e9chirantes, nous portons tous, en ces temps difficiles, un grand espoir pour l\u2019avenir. Cet espoir est aujourd\u2019hui vital. Car s\u2019il est vrai que cette pand\u00e9mie est lourde de cons\u00e9quences pour nos vies et celles de nos proches, il est important que nous en tirions d\u00e8s \u00e0 pr\u00e9sent les enseignements. C\u2019est ind\u00e9niable, nos habitudes de consommation doivent changer. Il semble que nous ne puissions plus exploiter, consommer et ainsi bafouer notre environnement sans cons\u00e9quences. <\/p>\n\n\n\n<h2 class=\"wp-block-heading\"> Aujourd\u2019hui, l\u2019appel de la nature est fort, esp\u00e9rons qu\u2019il sera entendu. <\/h2>\n\n\n\n<p>Nous aspirons donc plus que jamais \u00e0 une prise de conscience g\u00e9n\u00e9rale, et \u00e0 un retour \u00e0 des modes de consommation plus responsables. Et ainsi privil\u00e9gier les entreprises locales, fran\u00e7aises, bio et engag\u00e9es. C\u2019est <a rel=\"noreferrer noopener\" aria-label=\"toutes les valeurs que nous avons \u00e0 c\u0153ur de v\u00e9hiculer (s\u2019ouvre dans un nouvel onglet)\" href=\"https:\/\/www.folies-royales.fr\/blog\/2019\/09\/16\/folies-royales-les-cosmetiques-pour-proteger-les-abeilles\/\" target=\"_blank\">toutes les valeurs que nous avons \u00e0 c\u0153ur de v\u00e9hiculer<\/a> depuis le d\u00e9but de l\u2019aventure <a rel=\"noreferrer noopener\" aria-label=\"Un Toit pour les Abeilles (s\u2019ouvre dans un nouvel onglet)\" href=\"https:\/\/www.untoitpourlesabeilles.fr\/\" target=\"_blank\">Un Toit pour les Abeilles<\/a> et depuis la cr\u00e9ation de la marque <a rel=\"noreferrer noopener\" aria-label=\"Folies Royales (s\u2019ouvre dans un nouvel onglet)\" href=\"https:\/\/www.folies-royales.fr\/\" target=\"_blank\">Folies Royales<\/a>. <\/p>\n\n\n\n<h2 class=\"wp-block-heading\">Si vous lisez ce billet, c\u2019est que vous \u00eates probablement d\u00e9j\u00e0 dans notre communaut\u00e9, <\/h2>\n\n\n\n<p> Vous \u00eates donc probablement d\u00e9j\u00e0 conscient(e) des efforts \u00e0 faire pour une transition vers des modes de vies plus respectueux de l\u2019environnement.   Si c\u2019est le cas, sachez que nous vous en sommes reconnaissants, que les g\u00e9n\u00e9rations \u00e0 venir vous en seront, elles aussi reconnaissantes. Et j\u2019aimerai vous inviter \u00e0 faire un pas de plus dans ce sens. J\u2019aimerai vous inviter \u00e0 devenir tr\u00e8s simplement ambassadeur de <a rel=\"noreferrer noopener\" aria-label=\"notre engagement (s\u2019ouvre dans un nouvel onglet)\" href=\"https:\/\/www.folies-royales.fr\/blog\/2019\/09\/16\/folies-royales-les-cosmetiques-pour-proteger-les-abeilles\/\" target=\"_blank\">notre engagement<\/a>. Un message \u00e0 ses ami(e)s, <a rel=\"noreferrer noopener\" aria-label=\"un partage sur les r\u00e9seaux sociaux (s\u2019ouvre dans un nouvel onglet)\" href=\"https:\/\/www.facebook.com\/foliesroyales\/\" target=\"_blank\">un partage sur les r\u00e9seaux sociaux<\/a>, <a rel=\"noreferrer noopener\" aria-label=\"un achat de produit (s\u2019ouvre dans un nouvel onglet)\" href=\"https:\/\/www.folies-royales.fr\/\" target=\"_blank\">un achat de produit<\/a>, <a rel=\"noreferrer noopener\" aria-label=\"un parrainage de ruche (s\u2019ouvre dans un nouvel onglet)\" href=\"https:\/\/www.untoitpourlesabeilles.fr\/\" target=\"_blank\">un parrainage de ruche<\/a>, ou m\u00eame un petit mot \u00e0 ses proches sur notre activit\u00e9, c\u2019est autant de soutiens dont nous avons besoin pour continuer <a rel=\"noreferrer noopener\" aria-label=\"notre combat du quotidien (s\u2019ouvre dans un nouvel onglet)\" href=\"https:\/\/www.folies-royales.fr\/blog\/2019\/09\/16\/folies-royales-les-cosmetiques-pour-proteger-les-abeilles\/\" target=\"_blank\">notre combat du quotidien<\/a>, pour des modes de consommation plus respectueux de l\u2019environnement et pour la sauvegarde des abeilles, si vitales \u00e0 notre \u00e9cosyst\u00e8me.<\/p>\n\n\n\n<figure class=\"wp-block-image is-resized\"><img decoding=\"async\" src=\"https:\/\/www.folies-royales.fr\/blog\/wp-content\/uploads\/2020\/04\/2310-1024x683.jpg\" alt=\"champs de fleurs au soleil\" class=\"wp-image-159\" width=\"1005\" srcset=\"https:\/\/www.folies-royales.fr\/blog\/wp-content\/uploads\/2020\/04\/2310-1024x683.jpg 1024w, https:\/\/www.folies-royales.fr\/blog\/wp-content\/uploads\/2020\/04\/2310-300x200.jpg 300w, https:\/\/www.folies-royales.fr\/blog\/wp-content\/uploads\/2020\/04\/2310-768x512.jpg 768w, https:\/\/www.folies-royales.fr\/blog\/wp-content\/uploads\/2020\/04\/2310-1200x800.jpg 1200w\" sizes=\"(max-width: 709px) 85vw, (max-width: 909px) 67vw, (max-width: 1362px) 62vw, 840px\" \/><\/figure>\n\n\n\n<h2 class=\"wp-block-heading\"> Le printemps est l\u00e0, les arbres bourgeonnent, les p\u00e2querettes et tulipes fleurissent\u2026 et les abeilles sont \u00e0 l\u2019\u00e9coute de cette nature qui s\u2019\u00e9veille. <\/h2>\n\n\n\n<p>Fid\u00e8les et travailleuses, elles bravent les difficult\u00e9s qui s\u2019imposent \u00e0 elles dues au d\u00e9r\u00e8glement climatique. Le monde est sur pause et nous somme d\u2019agir et d\u2019aider cette nature fragilis\u00e9e. <\/p>\n\n\n\n<p>Plus que jamais la motivation de nos \u00e9quipes est in\u00e9branlable, et plus que jamais nous avons besoin de vous pour partager <a href=\"https:\/\/www.folies-royales.fr\/blog\/2019\/09\/16\/folies-royales-les-cosmetiques-pour-proteger-les-abeilles\/\" target=\"_blank\" rel=\"noreferrer noopener\" aria-label=\"notre engagement  (s\u2019ouvre dans un nouvel onglet)\">notre engagement <\/a>et tenter de convertir la p\u00e9riode tr\u00e8s difficile que nous vivons actuellement, en avenir plus brillant pour nos enfants.<\/p>\n\n\n\n<p>Bon courage \u00e0 vous, prenez soin de vous, de vos proches et\nde votre, notre plan\u00e8te. <\/p>\n\n\n\n<p>A tr\u00e8s bient\u00f4t&nbsp;!<\/p>\n\n\n\n<p>L\u2019\u00e9quipe Folies Royales<\/p>\n\n\n\n<p class=\"has-small-font-size\"><em>Si vous avez des id\u00e9es, des suggestions ou des r\u00e9actions, n\u2019h\u00e9sitez pas \u00e0 nous les partager en envoyant un mail \u00e0 <a href=\"mailto:contact@folies-royales.fr\">contact@folies-royales.fr<\/a><\/em><\/p>\n\n\n\n\n","protected":false},"excerpt":{"rendered":"<p>Cela n\u2019aura \u00e9chapp\u00e9 \u00e0 personne, nous vivons une p\u00e9riode exceptionnellement difficile \u00e0 l\u2019\u00e9chelle mondiale. L\u2019\u00e9pid\u00e9mie de COVID-19 qui frappe l\u2019humanit\u00e9 depuis d\u00e9j\u00e0 quelques mois est un \u00e9v\u00e9nement sans pr\u00e9c\u00e9dent qui \u00e9branle la moiti\u00e9 de la population plan\u00e9taire. La n\u00e9cessit\u00e9 d&rsquo;un retour \u00e0 des modes de consommation plus responsables semble plus que jamais pr\u00e9sente. Si les &hellip; <a href=\"https:\/\/www.folies-royales.fr\/blog\/2020\/04\/09\/covid-19-vers-des-modes-de-consommation-plus-responsables\/\" class=\"more-link\">Continuer la lecture<span class=\"screen-reader-text\"> de &laquo;&nbsp;COVID-19 : Vers des modes de consommation plus responsables.&nbsp;&raquo;<\/span><\/a><\/p>\n","protected":false},"author":4,"featured_media":958,"comment_status":"closed","ping_status":"closed","sticky":false,"template":"","format":"standard","meta":[],"categories":[1],"tags":[16,20,14,13,28,26,19,17,27,15,22,18,21,24,23],"_links":{"self":[{"href":"https:\/\/www.folies-royales.fr\/blog\/wp-json\/wp\/v2\/posts\/157"}],"collection":[{"href":"https:\/\/www.folies-royales.fr\/blog\/wp-json\/wp\/v2\/posts"}],"about":[{"href":"https:\/\/www.folies-royales.fr\/blog\/wp-json\/wp\/v2\/types\/post"}],"author":[{"embeddable":true,"href":"https:\/\/www.folies-royales.fr\/blog\/wp-json\/wp\/v2\/users\/4"}],"replies":[{"embeddable":true,"href":"https:\/\/www.folies-royales.fr\/blog\/wp-json\/wp\/v2\/comments?post=157"}],"version-history":[{"count":22,"href":"https:\/\/www.folies-royales.fr\/blog\/wp-json\/wp\/v2\/posts\/157\/revisions"}],"predecessor-version":[{"id":959,"href":"https:\/\/www.folies-royales.fr\/blog\/wp-json\/wp\/v2\/posts\/157\/revisions\/959"}],"wp:featuredmedia":[{"embeddable":true,"href":"https:\/\/www.folies-royales.fr\/blog\/wp-json\/wp\/v2\/media\/958"}],"wp:attachment":[{"href":"https:\/\/www.folies-royales.fr\/blog\/wp-json\/wp\/v2\/media?parent=157"}],"wp:term":[{"taxonomy":"category","embeddable":true,"href":"https:\/\/www.folies-royales.fr\/blog\/wp-json\/wp\/v2\/categories?post=157"},{"taxonomy":"post_tag","embeddable":true,"href":"https:\/\/www.folies-royales.fr\/blog\/wp-json\/wp\/v2\/tags?post=157"}],"curies":[{"name":"wp","href":"https:\/\/api.w.org\/{rel}","templated":true}]}}